{"id":13293,"date":"2020-05-28T12:35:00","date_gmt":"2020-05-28T16:35:00","guid":{"rendered":"https:\/\/wcwc.ca\/?p=13293"},"modified":"2024-02-15T14:26:25","modified_gmt":"2024-02-15T19:26:25","slug":"se-souvenir-de-la-tragedie-de-le-coli-de-walkerton-et-ne-jamais-loublier","status":"publish","type":"post","link":"https:\/\/wcwc.ca\/fr\/ressources\/autres\/se-souvenir-de-la-tragedie-de-le-coli-de-walkerton-et-ne-jamais-loublier\/","title":{"rendered":"Se souvenir et ne jamais oublier la trag\u00e9die de la bact\u00e9rie E. coli \u00e0 Walkerton &#8211; 20e anniversaire"},"content":{"rendered":"<p>En mai 2000, le sud de l&#8217;Ontario a connu plusieurs jours de fortes pluies. Quelques semaines plus tard, la ville de Walkerton a chang\u00e9 pour toujours. Sept personnes sont d\u00e9c\u00e9d\u00e9es et 2 300 autres ont subi des cons\u00e9quences sanitaires \u00e0 vie apr\u00e8s que la bact\u00e9rie E. coli s&#8217;est introduite dans le syst\u00e8me d&#8217;approvisionnement en eau potable de Walkerton. Une enqu\u00eate provinciale a suivi et a permis de d\u00e9terminer que la contamination de l&#8217;approvisionnement en eau de la ville \u00e9tait due \u00e0 une combinaison de facteurs. Cette trag\u00e9die a chang\u00e9 \u00e0 jamais le paysage de l&#8217;industrie de l&#8217;eau en Ontario et a fa\u00e7onn\u00e9 les valeurs et les processus qui sont les n\u00f4tres aujourd&#8217;hui.<\/p>\n<p>En d\u00e9passant les 20<sup>th<\/sup>  En ce jour anniversaire de Walkerton, ce n&#8217;est pas seulement l&#8217;occasion de r\u00e9fl\u00e9chir aux le\u00e7ons tir\u00e9es de cette trag\u00e9die, mais aussi de se souvenir et, peut-\u00eatre plus important encore, de renouveler notre engagement, en tant qu&#8217;industrie, \u00e0 faire en sorte que l&#8217;Ontario continue de disposer de l&#8217;eau potable la plus s\u00fbre au monde. Nous le devons \u00e0 ceux qui ont perdu la vie et dont la vie a \u00e9t\u00e9 chang\u00e9e \u00e0 jamais en mai 2000.<\/p>\n<p>Ce webinaire a \u00e9t\u00e9 pr\u00e9sent\u00e9 le jeudi 28 mai 2020 et a permis d&#8217;entendre des figures cl\u00e9s impliqu\u00e9es dans la mise en place de notre industrie de l&#8217;eau sur la voie de la reprise et ceux qui souhaitent maintenir les enseignements de Walkerton au premier plan.<\/p>\n<p><strong>Pr\u00e9sentateurs :<\/strong><strong> <\/strong><\/p>\n<ul>\n<li><strong>L&#8217;honorable Dennis O&#8217;Connor<\/strong>, ancien juge en chef adjoint de l&#8217;Ontario, a \u00e9t\u00e9 nomm\u00e9 pour superviser l&#8217;enqu\u00eate sur la trag\u00e9die de Walkerton.<\/li>\n<li><strong>James Smith<\/strong> a \u00e9t\u00e9 le premier inspecteur en chef de l&#8217;eau potable en Ontario et, en tant que sous-ministre adjoint, il a cr\u00e9\u00e9 la division de la gestion de l&#8217;eau potable au sein du minist\u00e8re de l&#8217;environnement et du changement climatique de l&#8217;Ontario.<\/li>\n<li><strong>Carl Kuhnke<\/strong> a \u00e9t\u00e9 nomm\u00e9 pr\u00e9sident et directeur g\u00e9n\u00e9ral du Walkerton Clean Water Centre en 2017.<\/li>\n<li><strong>Ed Houghton, <\/strong>directeur ex\u00e9cutif de l&#8217;Ontario Municipal Water Association<\/li>\n<\/ul>\n<p><strong><a class=\"d3c_viewer_link\" href=\"https:\/\/www.omwa.org\/webinars\/Remembering%20and%20Never%20Forgetting%20the%20Walkerton%20E.%20coli%20Tragedy.mp4\">Enregistrement d&#8217;un webinaire : Se souvenir et ne jamais oublier la trag\u00e9die de l&#8217;E. coli de Walkerton<\/a><\/strong><\/p>\n<hr>\n<p>Vous trouverez <span>ci-dessous le site officiel de l&#8217;enqu\u00eate publique sur la contamination \u00e0 l&#8217;E. coli de l&#8217;approvisionnement en eau de Walkerton, en Ontario <\/span>.  <\/p>\n<p><a href=\"http:\/\/www.archives.gov.on.ca\/en\/e_records\/walkerton\/index.html\"><strong>L&#8217;enqu\u00eate sur Walkerton<\/strong><\/a><\/p>\n<p>Pour plus d&#8217;informations, voir les articles ci-dessous :<\/p>\n<p><a href=\"https:\/\/www.ontariopipeline-digital.com\/owwq\/0220_summer_2020\/MobilePagedArticle.action?articleId=1599382#articleId1599382\">La trag\u00e9die de Walkerton &#8211; un sombre anniversaire<\/a><\/p>\n<hr>\n<p>Visitez la <a href=\"https:\/\/wcwc.ca\/services\/drinkingwaterresourcelibrary\/\">page principale de notre biblioth\u00e8que en ligne<\/a> pour trouver d&#8217;autres ressources sur des sujets li\u00e9s \u00e0 l&#8217;eau potable.<\/p>\n","protected":false},"excerpt":{"rendered":"<p>En mai 2000, le sud de l&#8217;Ontario a connu plusieurs jours de fortes pluies. Quelques semaines plus tard, la ville de Walkerton a chang\u00e9 &#8230;<\/p>\n","protected":false},"author":6,"featured_media":10404,"comment_status":"closed","ping_status":"closed","sticky":false,"template":"","format":"standard","meta":{"_acf_changed":false,"_seopress_robots_primary_cat":"","_seopress_titles_title":"","_seopress_titles_desc":"","_seopress_robots_index":"","footnotes":""},"categories":[1014],"tags":[765,987,984,985,988,721,986,983],"class_list":["post-13293","post","type-post","status-publish","format-standard","has-post-thumbnail","hentry","category-autres","tag-agents-pathogenes","tag-e-epidemie-de-colibacille","tag-enquete-fr","tag-enquete-sur-walkerton","tag-epidemie-deau-potable","tag-etude-de-cas","tag-tragedie-de-walkerton","tag-walkerton-fr-2"],"acf":[],"_links":{"self":[{"href":"https:\/\/wcwc.ca\/fr\/wp-json\/wp\/v2\/posts\/13293","targetHints":{"allow":["GET"]}}],"collection":[{"href":"https:\/\/wcwc.ca\/fr\/wp-json\/wp\/v2\/posts"}],"about":[{"href":"https:\/\/wcwc.ca\/fr\/wp-json\/wp\/v2\/types\/post"}],"author":[{"embeddable":true,"href":"https:\/\/wcwc.ca\/fr\/wp-json\/wp\/v2\/users\/6"}],"replies":[{"embeddable":true,"href":"https:\/\/wcwc.ca\/fr\/wp-json\/wp\/v2\/comments?post=13293"}],"version-history":[{"count":3,"href":"https:\/\/wcwc.ca\/fr\/wp-json\/wp\/v2\/posts\/13293\/revisions"}],"predecessor-version":[{"id":23931,"href":"https:\/\/wcwc.ca\/fr\/wp-json\/wp\/v2\/posts\/13293\/revisions\/23931"}],"wp:featuredmedia":[{"embeddable":true,"href":"https:\/\/wcwc.ca\/fr\/wp-json\/wp\/v2\/media\/10404"}],"wp:attachment":[{"href":"https:\/\/wcwc.ca\/fr\/wp-json\/wp\/v2\/media?parent=13293"}],"wp:term":[{"taxonomy":"category","embeddable":true,"href":"https:\/\/wcwc.ca\/fr\/wp-json\/wp\/v2\/categories?post=13293"},{"taxonomy":"post_tag","embeddable":true,"href":"https:\/\/wcwc.ca\/fr\/wp-json\/wp\/v2\/tags?post=13293"}],"curies":[{"name":"wp","href":"https:\/\/api.w.org\/{rel}","templated":true}]}}